{"id":1126,"date":"2021-09-20T19:33:03","date_gmt":"2021-09-20T17:33:03","guid":{"rendered":"https:\/\/www.frohsinn-hochdorf.de\/?p=1126"},"modified":"2021-10-10T15:38:27","modified_gmt":"2021-10-10T13:38:27","slug":"wir-sind-wieder-zurueck-auf-der-buehne","status":"publish","type":"post","link":"https:\/\/www.frohsinn-hochdorf.de\/?p=1126","title":{"rendered":"Wir sind wieder zur\u00fcck auf der B\u00fchne"},"content":{"rendered":"<p><span class=\"d2edcug0 hpfvmrgz qv66sw1b c1et5uql lr9zc1uh a8c37x1j keod5gw0 nxhoafnm aigsh9s9 d3f4x2em fe6kdd0r mau55g9w c8b282yb iv3no6db jq4qci2q a3bd9o3v b1v8xokw oo9gr5id\" dir=\"auto\">Heute k\u00f6nnen wir euch ein paar genauere Infos zur Aktion &#8222;Musikvision&#8220; des <a class=\"oajrlxb2 g5ia77u1 qu0x051f esr5mh6w e9989ue4 r7d6kgcz rq0escxv nhd2j8a9 nc684nl6 p7hjln8o kvgmc6g5 cxmmr5t8 oygrvhab hcukyx3x jb3vyjys rz4wbd8a qt6c0cv9 a8nywdso i1ao9s8h esuyzwwr f1sip0of lzcic4wl oo9gr5id gpro0wi8 lrazzd5p\" tabindex=\"0\" role=\"link\" href=\"https:\/\/www.facebook.com\/Chorverband.Karl.Pfaff\/?__cft__[0]=AZUMQ7QPGofxrjYAyA1cFoMsw7E7IHeZbqr7m8eJOfNkLLWzv1RCJYQYoqBm1g2LYj7b_m5T34WxHD0nYhinnqSDRxSBIGSyzt9Y5CRRmU4lQiwXilJtkEYDosKHUhWv-_r2HxlrFDlWY6L_41NSvNUgn7B0TXvIMwuHVtDGXFE8mA&amp;__tn__=kK*F\"><span class=\"nc684nl6\">Chorverband Karl Pfaff<\/span><\/a> geben.<\/span><\/p>\n<p>Wir freuen uns riesig dass wir mit unserem Gemischten Chor, mit <a class=\"oajrlxb2 g5ia77u1 qu0x051f esr5mh6w e9989ue4 r7d6kgcz rq0escxv nhd2j8a9 nc684nl6 p7hjln8o kvgmc6g5 cxmmr5t8 oygrvhab hcukyx3x jb3vyjys rz4wbd8a qt6c0cv9 a8nywdso i1ao9s8h esuyzwwr f1sip0of lzcic4wl oo9gr5id gpro0wi8 lrazzd5p\" tabindex=\"0\" role=\"link\" href=\"https:\/\/www.facebook.com\/Da-Capo-junger-Chor-Hochdorf-Baden-W%C3%BCrttemberg-145130125563355\/?__cft__[0]=AZUMQ7QPGofxrjYAyA1cFoMsw7E7IHeZbqr7m8eJOfNkLLWzv1RCJYQYoqBm1g2LYj7b_m5T34WxHD0nYhinnqSDRxSBIGSyzt9Y5CRRmU4lQiwXilJtkEYDosKHUhWv-_r2HxlrFDlWY6L_41NSvNUgn7B0TXvIMwuHVtDGXFE8mA&amp;__tn__=kK*F\"><span class=\"nc684nl6\">Da Capo &#8211; junger Chor &#8211; Hochdorf Baden-W\u00fcrttemberg<\/span><\/a> und der Band So semmer halt sowie Elsbeth und Alois Gscheidle am 03.10.2021 in der Teckhalle Owen auf der B\u00fchne stehen d\u00fcrfen.<\/p>\n<p>Sichert euch schon jetzt die Karten, wer wei\u00df wie lange es noch welche gibt.<\/p>\n<p><span class=\"d2edcug0 hpfvmrgz qv66sw1b c1et5uql lr9zc1uh a8c37x1j keod5gw0 nxhoafnm aigsh9s9 d3f4x2em fe6kdd0r mau55g9w c8b282yb iv3no6db jq4qci2q a3bd9o3v b1v8xokw oo9gr5id\" dir=\"auto\">Das wird toll!<br \/>\n<\/span><\/p>\n<p><img loading=\"lazy\" decoding=\"async\" class=\"alignleft size-large wp-image-1127\" src=\"https:\/\/www.frohsinn-hochdorf.de\/wp-content\/uploads\/2021\/09\/Plakat_Musikvision-728x1024.jpg\" alt=\"\" width=\"640\" height=\"900\" srcset=\"https:\/\/www.frohsinn-hochdorf.de\/wp-content\/uploads\/2021\/09\/Plakat_Musikvision-728x1024.jpg 728w, https:\/\/www.frohsinn-hochdorf.de\/wp-content\/uploads\/2021\/09\/Plakat_Musikvision-213x300.jpg 213w, https:\/\/www.frohsinn-hochdorf.de\/wp-content\/uploads\/2021\/09\/Plakat_Musikvision-768x1080.jpg 768w, https:\/\/www.frohsinn-hochdorf.de\/wp-content\/uploads\/2021\/09\/Plakat_Musikvision.jpg 882w\" sizes=\"auto, (max-width: 640px) 100vw, 640px\" \/><\/p>\n","protected":false},"excerpt":{"rendered":"<p>Heute k\u00f6nnen wir euch ein paar genauere Infos zur Aktion &#8222;Musikvision&#8220; des Chorverband Karl Pfaff geben. Wir freuen uns riesig dass wir mit unserem Gemischten Chor, mit Da Capo &#8211; [&hellip;]<\/p>\n","protected":false},"author":3,"featured_media":1153,"comment_status":"open","ping_status":"open","sticky":false,"template":"","format":"standard","meta":{"footnotes":""},"categories":[2,18],"tags":[],"class_list":["post-1126","post","type-post","status-publish","format-standard","has-post-thumbnail","hentry","category-aktuelles","category-startseite"],"yoast_head":"<!-- This site is optimized with the Yoast SEO plugin v26.9 - https:\/\/yoast.com\/product\/yoast-seo-wordpress\/ -->\n<title>Wir sind wieder zur\u00fcck auf der B\u00fchne - Frohsinn Hochdorf e. V.<\/title>\n<meta name=\"robots\" content=\"index, follow, max-snippet:-1, max-image-preview:large, max-video-preview:-1\" \/>\n<link rel=\"canonical\" href=\"https:\/\/www.frohsinn-hochdorf.de\/?p=1126\" \/>\n<meta property=\"og:locale\" content=\"de_DE\" \/>\n<meta property=\"og:type\" content=\"article\" \/>\n<meta property=\"og:title\" content=\"Wir sind wieder zur\u00fcck auf der B\u00fchne - Frohsinn Hochdorf e. V.\" \/>\n<meta property=\"og:description\" content=\"Heute k\u00f6nnen wir euch ein paar genauere Infos zur Aktion &#8222;Musikvision&#8220; des Chorverband Karl Pfaff geben. Wir freuen uns riesig dass wir mit unserem Gemischten Chor, mit Da Capo &#8211; [&hellip;]\" \/>\n<meta property=\"og:url\" content=\"https:\/\/www.frohsinn-hochdorf.de\/?p=1126\" \/>\n<meta property=\"og:site_name\" content=\"Frohsinn Hochdorf e. V.\" \/>\n<meta property=\"article:published_time\" content=\"2021-09-20T17:33:03+00:00\" \/>\n<meta property=\"article:modified_time\" content=\"2021-10-10T13:38:27+00:00\" \/>\n<meta property=\"og:image\" content=\"https:\/\/www.frohsinn-hochdorf.de\/wp-content\/uploads\/2021\/09\/2021-10-03_Musikvision3-1.jpg\" \/>\n\t<meta property=\"og:image:width\" content=\"599\" \/>\n\t<meta property=\"og:image:height\" content=\"418\" \/>\n\t<meta property=\"og:image:type\" content=\"image\/jpeg\" \/>\n<meta name=\"author\" content=\"Esther H\u00e4rtel\" \/>\n<meta name=\"twitter:card\" content=\"summary_large_image\" \/>\n<meta name=\"twitter:label1\" content=\"Verfasst von\" \/>\n\t<meta name=\"twitter:data1\" content=\"Esther H\u00e4rtel\" \/>\n<script type=\"application\/ld+json\" class=\"yoast-schema-graph\">{\"@context\":\"https:\/\/schema.org\",\"@graph\":[{\"@type\":\"Article\",\"@id\":\"https:\/\/www.frohsinn-hochdorf.de\/?p=1126#article\",\"isPartOf\":{\"@id\":\"https:\/\/www.frohsinn-hochdorf.de\/?p=1126\"},\"author\":{\"name\":\"Esther H\u00e4rtel\",\"@id\":\"https:\/\/www.frohsinn-hochdorf.de\/#\/schema\/person\/907be2e506463257cdf95b1f67ddb8c8\"},\"headline\":\"Wir sind wieder zur\u00fcck auf der B\u00fchne\",\"datePublished\":\"2021-09-20T17:33:03+00:00\",\"dateModified\":\"2021-10-10T13:38:27+00:00\",\"mainEntityOfPage\":{\"@id\":\"https:\/\/www.frohsinn-hochdorf.de\/?p=1126\"},\"wordCount\":86,\"commentCount\":0,\"publisher\":{\"@id\":\"https:\/\/www.frohsinn-hochdorf.de\/#organization\"},\"image\":{\"@id\":\"https:\/\/www.frohsinn-hochdorf.de\/?p=1126#primaryimage\"},\"thumbnailUrl\":\"https:\/\/www.frohsinn-hochdorf.de\/wp-content\/uploads\/2021\/09\/2021-10-03_Musikvision3-1.jpg\",\"articleSection\":[\"Aktuelles\",\"Startseite\"],\"inLanguage\":\"de\",\"potentialAction\":[{\"@type\":\"CommentAction\",\"name\":\"Comment\",\"target\":[\"https:\/\/www.frohsinn-hochdorf.de\/?p=1126#respond\"]}]},{\"@type\":\"WebPage\",\"@id\":\"https:\/\/www.frohsinn-hochdorf.de\/?p=1126\",\"url\":\"https:\/\/www.frohsinn-hochdorf.de\/?p=1126\",\"name\":\"Wir sind wieder zur\u00fcck auf der B\u00fchne - Frohsinn Hochdorf e. V.\",\"isPartOf\":{\"@id\":\"https:\/\/www.frohsinn-hochdorf.de\/#website\"},\"primaryImageOfPage\":{\"@id\":\"https:\/\/www.frohsinn-hochdorf.de\/?p=1126#primaryimage\"},\"image\":{\"@id\":\"https:\/\/www.frohsinn-hochdorf.de\/?p=1126#primaryimage\"},\"thumbnailUrl\":\"https:\/\/www.frohsinn-hochdorf.de\/wp-content\/uploads\/2021\/09\/2021-10-03_Musikvision3-1.jpg\",\"datePublished\":\"2021-09-20T17:33:03+00:00\",\"dateModified\":\"2021-10-10T13:38:27+00:00\",\"breadcrumb\":{\"@id\":\"https:\/\/www.frohsinn-hochdorf.de\/?p=1126#breadcrumb\"},\"inLanguage\":\"de\",\"potentialAction\":[{\"@type\":\"ReadAction\",\"target\":[\"https:\/\/www.frohsinn-hochdorf.de\/?p=1126\"]}]},{\"@type\":\"ImageObject\",\"inLanguage\":\"de\",\"@id\":\"https:\/\/www.frohsinn-hochdorf.de\/?p=1126#primaryimage\",\"url\":\"https:\/\/www.frohsinn-hochdorf.de\/wp-content\/uploads\/2021\/09\/2021-10-03_Musikvision3-1.jpg\",\"contentUrl\":\"https:\/\/www.frohsinn-hochdorf.de\/wp-content\/uploads\/2021\/09\/2021-10-03_Musikvision3-1.jpg\",\"width\":599,\"height\":418},{\"@type\":\"BreadcrumbList\",\"@id\":\"https:\/\/www.frohsinn-hochdorf.de\/?p=1126#breadcrumb\",\"itemListElement\":[{\"@type\":\"ListItem\",\"position\":1,\"name\":\"Startseite\",\"item\":\"https:\/\/www.frohsinn-hochdorf.de\/\"},{\"@type\":\"ListItem\",\"position\":2,\"name\":\"Wir sind wieder zur\u00fcck auf der B\u00fchne\"}]},{\"@type\":\"WebSite\",\"@id\":\"https:\/\/www.frohsinn-hochdorf.de\/#website\",\"url\":\"https:\/\/www.frohsinn-hochdorf.de\/\",\"name\":\"Frohsinn Hochdorf e. V.\",\"description\":\"Freude am Singen\",\"publisher\":{\"@id\":\"https:\/\/www.frohsinn-hochdorf.de\/#organization\"},\"potentialAction\":[{\"@type\":\"SearchAction\",\"target\":{\"@type\":\"EntryPoint\",\"urlTemplate\":\"https:\/\/www.frohsinn-hochdorf.de\/?s={search_term_string}\"},\"query-input\":{\"@type\":\"PropertyValueSpecification\",\"valueRequired\":true,\"valueName\":\"search_term_string\"}}],\"inLanguage\":\"de\"},{\"@type\":\"Organization\",\"@id\":\"https:\/\/www.frohsinn-hochdorf.de\/#organization\",\"name\":\"Frohsinn Hochdorf e. V.\",\"url\":\"https:\/\/www.frohsinn-hochdorf.de\/\",\"logo\":{\"@type\":\"ImageObject\",\"inLanguage\":\"de\",\"@id\":\"https:\/\/www.frohsinn-hochdorf.de\/#\/schema\/logo\/image\/\",\"url\":\"https:\/\/www.frohsinn-hochdorf.de\/wp-content\/uploads\/2019\/11\/cropped-logo_web_neu.png\",\"contentUrl\":\"https:\/\/www.frohsinn-hochdorf.de\/wp-content\/uploads\/2019\/11\/cropped-logo_web_neu.png\",\"width\":150,\"height\":85,\"caption\":\"Frohsinn Hochdorf e. V.\"},\"image\":{\"@id\":\"https:\/\/www.frohsinn-hochdorf.de\/#\/schema\/logo\/image\/\"}},{\"@type\":\"Person\",\"@id\":\"https:\/\/www.frohsinn-hochdorf.de\/#\/schema\/person\/907be2e506463257cdf95b1f67ddb8c8\",\"name\":\"Esther H\u00e4rtel\",\"image\":{\"@type\":\"ImageObject\",\"inLanguage\":\"de\",\"@id\":\"https:\/\/www.frohsinn-hochdorf.de\/#\/schema\/person\/image\/\",\"url\":\"https:\/\/secure.gravatar.com\/avatar\/b5b86413eb84a1d6944770aa4a6a86c6adb232ef0f3aea163c49df1f2f52b260?s=96&d=mm&r=g\",\"contentUrl\":\"https:\/\/secure.gravatar.com\/avatar\/b5b86413eb84a1d6944770aa4a6a86c6adb232ef0f3aea163c49df1f2f52b260?s=96&d=mm&r=g\",\"caption\":\"Esther H\u00e4rtel\"},\"url\":\"https:\/\/www.frohsinn-hochdorf.de\/?author=3\"}]}<\/script>\n<!-- \/ Yoast SEO plugin. -->","yoast_head_json":{"title":"Wir sind wieder zur\u00fcck auf der B\u00fchne - Frohsinn Hochdorf e. V.","robots":{"index":"index","follow":"follow","max-snippet":"max-snippet:-1","max-image-preview":"max-image-preview:large","max-video-preview":"max-video-preview:-1"},"canonical":"https:\/\/www.frohsinn-hochdorf.de\/?p=1126","og_locale":"de_DE","og_type":"article","og_title":"Wir sind wieder zur\u00fcck auf der B\u00fchne - Frohsinn Hochdorf e. V.","og_description":"Heute k\u00f6nnen wir euch ein paar genauere Infos zur Aktion &#8222;Musikvision&#8220; des Chorverband Karl Pfaff geben. Wir freuen uns riesig dass wir mit unserem Gemischten Chor, mit Da Capo &#8211; [&hellip;]","og_url":"https:\/\/www.frohsinn-hochdorf.de\/?p=1126","og_site_name":"Frohsinn Hochdorf e. V.","article_published_time":"2021-09-20T17:33:03+00:00","article_modified_time":"2021-10-10T13:38:27+00:00","og_image":[{"width":599,"height":418,"url":"https:\/\/www.frohsinn-hochdorf.de\/wp-content\/uploads\/2021\/09\/2021-10-03_Musikvision3-1.jpg","type":"image\/jpeg"}],"author":"Esther H\u00e4rtel","twitter_card":"summary_large_image","twitter_misc":{"Verfasst von":"Esther H\u00e4rtel"},"schema":{"@context":"https:\/\/schema.org","@graph":[{"@type":"Article","@id":"https:\/\/www.frohsinn-hochdorf.de\/?p=1126#article","isPartOf":{"@id":"https:\/\/www.frohsinn-hochdorf.de\/?p=1126"},"author":{"name":"Esther H\u00e4rtel","@id":"https:\/\/www.frohsinn-hochdorf.de\/#\/schema\/person\/907be2e506463257cdf95b1f67ddb8c8"},"headline":"Wir sind wieder zur\u00fcck auf der B\u00fchne","datePublished":"2021-09-20T17:33:03+00:00","dateModified":"2021-10-10T13:38:27+00:00","mainEntityOfPage":{"@id":"https:\/\/www.frohsinn-hochdorf.de\/?p=1126"},"wordCount":86,"commentCount":0,"publisher":{"@id":"https:\/\/www.frohsinn-hochdorf.de\/#organization"},"image":{"@id":"https:\/\/www.frohsinn-hochdorf.de\/?p=1126#primaryimage"},"thumbnailUrl":"https:\/\/www.frohsinn-hochdorf.de\/wp-content\/uploads\/2021\/09\/2021-10-03_Musikvision3-1.jpg","articleSection":["Aktuelles","Startseite"],"inLanguage":"de","potentialAction":[{"@type":"CommentAction","name":"Comment","target":["https:\/\/www.frohsinn-hochdorf.de\/?p=1126#respond"]}]},{"@type":"WebPage","@id":"https:\/\/www.frohsinn-hochdorf.de\/?p=1126","url":"https:\/\/www.frohsinn-hochdorf.de\/?p=1126","name":"Wir sind wieder zur\u00fcck auf der B\u00fchne - Frohsinn Hochdorf e. V.","isPartOf":{"@id":"https:\/\/www.frohsinn-hochdorf.de\/#website"},"primaryImageOfPage":{"@id":"https:\/\/www.frohsinn-hochdorf.de\/?p=1126#primaryimage"},"image":{"@id":"https:\/\/www.frohsinn-hochdorf.de\/?p=1126#primaryimage"},"thumbnailUrl":"https:\/\/www.frohsinn-hochdorf.de\/wp-content\/uploads\/2021\/09\/2021-10-03_Musikvision3-1.jpg","datePublished":"2021-09-20T17:33:03+00:00","dateModified":"2021-10-10T13:38:27+00:00","breadcrumb":{"@id":"https:\/\/www.frohsinn-hochdorf.de\/?p=1126#breadcrumb"},"inLanguage":"de","potentialAction":[{"@type":"ReadAction","target":["https:\/\/www.frohsinn-hochdorf.de\/?p=1126"]}]},{"@type":"ImageObject","inLanguage":"de","@id":"https:\/\/www.frohsinn-hochdorf.de\/?p=1126#primaryimage","url":"https:\/\/www.frohsinn-hochdorf.de\/wp-content\/uploads\/2021\/09\/2021-10-03_Musikvision3-1.jpg","contentUrl":"https:\/\/www.frohsinn-hochdorf.de\/wp-content\/uploads\/2021\/09\/2021-10-03_Musikvision3-1.jpg","width":599,"height":418},{"@type":"BreadcrumbList","@id":"https:\/\/www.frohsinn-hochdorf.de\/?p=1126#breadcrumb","itemListElement":[{"@type":"ListItem","position":1,"name":"Startseite","item":"https:\/\/www.frohsinn-hochdorf.de\/"},{"@type":"ListItem","position":2,"name":"Wir sind wieder zur\u00fcck auf der B\u00fchne"}]},{"@type":"WebSite","@id":"https:\/\/www.frohsinn-hochdorf.de\/#website","url":"https:\/\/www.frohsinn-hochdorf.de\/","name":"Frohsinn Hochdorf e. V.","description":"Freude am Singen","publisher":{"@id":"https:\/\/www.frohsinn-hochdorf.de\/#organization"},"potentialAction":[{"@type":"SearchAction","target":{"@type":"EntryPoint","urlTemplate":"https:\/\/www.frohsinn-hochdorf.de\/?s={search_term_string}"},"query-input":{"@type":"PropertyValueSpecification","valueRequired":true,"valueName":"search_term_string"}}],"inLanguage":"de"},{"@type":"Organization","@id":"https:\/\/www.frohsinn-hochdorf.de\/#organization","name":"Frohsinn Hochdorf e. V.","url":"https:\/\/www.frohsinn-hochdorf.de\/","logo":{"@type":"ImageObject","inLanguage":"de","@id":"https:\/\/www.frohsinn-hochdorf.de\/#\/schema\/logo\/image\/","url":"https:\/\/www.frohsinn-hochdorf.de\/wp-content\/uploads\/2019\/11\/cropped-logo_web_neu.png","contentUrl":"https:\/\/www.frohsinn-hochdorf.de\/wp-content\/uploads\/2019\/11\/cropped-logo_web_neu.png","width":150,"height":85,"caption":"Frohsinn Hochdorf e. V."},"image":{"@id":"https:\/\/www.frohsinn-hochdorf.de\/#\/schema\/logo\/image\/"}},{"@type":"Person","@id":"https:\/\/www.frohsinn-hochdorf.de\/#\/schema\/person\/907be2e506463257cdf95b1f67ddb8c8","name":"Esther H\u00e4rtel","image":{"@type":"ImageObject","inLanguage":"de","@id":"https:\/\/www.frohsinn-hochdorf.de\/#\/schema\/person\/image\/","url":"https:\/\/secure.gravatar.com\/avatar\/b5b86413eb84a1d6944770aa4a6a86c6adb232ef0f3aea163c49df1f2f52b260?s=96&d=mm&r=g","contentUrl":"https:\/\/secure.gravatar.com\/avatar\/b5b86413eb84a1d6944770aa4a6a86c6adb232ef0f3aea163c49df1f2f52b260?s=96&d=mm&r=g","caption":"Esther H\u00e4rtel"},"url":"https:\/\/www.frohsinn-hochdorf.de\/?author=3"}]}},"_links":{"self":[{"href":"https:\/\/www.frohsinn-hochdorf.de\/index.php?rest_route=\/wp\/v2\/posts\/1126","targetHints":{"allow":["GET"]}}],"collection":[{"href":"https:\/\/www.frohsinn-hochdorf.de\/index.php?rest_route=\/wp\/v2\/posts"}],"about":[{"href":"https:\/\/www.frohsinn-hochdorf.de\/index.php?rest_route=\/wp\/v2\/types\/post"}],"author":[{"embeddable":true,"href":"https:\/\/www.frohsinn-hochdorf.de\/index.php?rest_route=\/wp\/v2\/users\/3"}],"replies":[{"embeddable":true,"href":"https:\/\/www.frohsinn-hochdorf.de\/index.php?rest_route=%2Fwp%2Fv2%2Fcomments&post=1126"}],"version-history":[{"count":2,"href":"https:\/\/www.frohsinn-hochdorf.de\/index.php?rest_route=\/wp\/v2\/posts\/1126\/revisions"}],"predecessor-version":[{"id":1149,"href":"https:\/\/www.frohsinn-hochdorf.de\/index.php?rest_route=\/wp\/v2\/posts\/1126\/revisions\/1149"}],"wp:featuredmedia":[{"embeddable":true,"href":"https:\/\/www.frohsinn-hochdorf.de\/index.php?rest_route=\/wp\/v2\/media\/1153"}],"wp:attachment":[{"href":"https:\/\/www.frohsinn-hochdorf.de\/index.php?rest_route=%2Fwp%2Fv2%2Fmedia&parent=1126"}],"wp:term":[{"taxonomy":"category","embeddable":true,"href":"https:\/\/www.frohsinn-hochdorf.de\/index.php?rest_route=%2Fwp%2Fv2%2Fcategories&post=1126"},{"taxonomy":"post_tag","embeddable":true,"href":"https:\/\/www.frohsinn-hochdorf.de\/index.php?rest_route=%2Fwp%2Fv2%2Ftags&post=1126"}],"curies":[{"name":"wp","href":"https:\/\/api.w.org\/{rel}","templated":true}]}}